{"id":8218,"date":"2023-08-31T17:54:14","date_gmt":"2023-08-31T15:54:14","guid":{"rendered":"https:\/\/www.ellipseanimation.com\/?p=8218"},"modified":"2023-08-31T18:09:11","modified_gmt":"2023-08-31T16:09:11","slug":"komodo-no-chill-le-nouveau-projet-jeunesse-dellipse-animation-presente-au-cartoon-forum","status":"publish","type":"post","link":"https:\/\/www.ellipseanimation.com\/fr\/komodo-no-chill-le-nouveau-projet-jeunesse-dellipse-animation-presente-au-cartoon-forum\/","title":{"rendered":"Komodo No Chill, notre nouveau projet jeunesse pr\u00e9sent\u00e9 au Cartoon Forum"},"content":{"rendered":"\n<figure class=\"wp-block-table\"><table><tbody><tr><td class=\"has-text-align-center\" data-align=\"center\"><strong>Cartoon Forum 2023<\/strong><br>du 19 au 22 septembre<\/td><\/tr><\/tbody><\/table><\/figure>\n\n\n\n<p><strong>Ellipse Animation d\u00e9veloppe <em>Komodo No Chill<\/em>, une s\u00e9rie pour les 6-9 ans r\u00e9alis\u00e9e par Emmanuel Klotz et Louis Musso et produite par Ga\u00eblle Guiny. Cette nouvelle s\u00e9rie slapstick 2D est une cr\u00e9ation originale qui sera pr\u00e9sent\u00e9e au Cartoon Forum le mercredi 20 septembre \u00e0 9h45 en Blue Room par Emmanuel Klotz, Louis Musso et Ga\u00eblle Guiny<\/strong>. <\/p>\n\n\n\n<p><\/p>\n\n\n\n<p>Na\u00eff, gourmand, envahissant et sans g\u00eane, Komodo \u00e9choue sur une \u00eele gard\u00e9e par un troupeau de brebis naines plut\u00f4t z\u00e9l\u00e9es. En cherchant \u00e0 se nourrir et \u00e0 se r\u00e9chauffer, Komodo va se mettre syst\u00e9matiquement \u00e0 dos les brebis et nous prouver, encore une fois, que l&rsquo;aventure r\u00e9side parfois l\u00e0 o\u00f9 on l&rsquo;attend le moins. Et comme Komodo et le troupeau de brebis sont aussi excessifs et sans bornes l\u2019un que l\u2019autre, ils cr\u00e9ent des catastrophes qui, le plus souvent, les d\u00e9passent ! <\/p>\n\n\n\n<p><em>\u00ab Cette nouvelle cr\u00e9ation originale est une \u00e9tape importante de notre strat\u00e9gie de d\u00e9veloppement et nous sommes tr\u00e8s heureux de pouvoir pr\u00e9senter cette s\u00e9rie slapstick devant les professionnels au Cartoon Forum. Nous avions tr\u00e8s envie d\u2019explorer ce genre mais attendions encore LE projet qui nous ferait franchir le pas.<\/em> \u00bb D\u00e9clare <strong>Caroline Audebert<\/strong>, Directrice g\u00e9n\u00e9rale d\u2019Ellipse Animation.<\/p>\n\n\n\n<p>\u00ab Komodo No Chill <em>nous permet de renouveler la cr\u00e9ativit\u00e9 d&rsquo;Ellipse Animation et de poursuivre notre strat\u00e9gie de d\u00e9veloppement.<\/em> Ce projet, <em>port\u00e9 par les talentueux Emmanuel Klotz<\/em> <em>(<\/em>La Vraie Vie des profs, Bionic Max, Ernest et Rebecca, Les Lascars le film\u2026<em>)<\/em> et <em>Louis Musso<\/em> <em>(superviseur de storyboard sur<\/em> Zig &amp; Sharko, Mister Magoo, Karat\u00e9 Mouton, Les Lascars le film\u2026<em>)<\/em> <em>nous semble \u00eatre la meilleure porte d\u2019entr\u00e9e qui soit sur cette voie de la diversification\u2026 et de l\u2019humour. En m\u00ealant adaptations et cr\u00e9ations originales, nous continuons \u00e0 enrichir notre line-up pour offrir au public fran\u00e7ais et international une grande diversit\u00e9 de programmes et de genres. \u00bb<\/em> souligne <strong>Lila Hannou<\/strong>, Directrice des d\u00e9veloppements et de la strat\u00e9gie.<\/p>\n\n\n\n<p><\/p>\n\n\n\n<h2><strong>Synopsis<\/strong><\/h2>\n\n\n\n<p>Komodo, un varan bon vivant mais sans g\u00eane voit son habitat exotique englouti. La d\u00e9rive de son radeau-frigo l\u2019am\u00e8ne de l\u2019autre c\u00f4t\u00e9 du globe, sur une petite \u00cele de l\u2019h\u00e9misph\u00e8re nord, peupl\u00e9e d\u2019un troupeau de petites ruminantes naines d\u2019apparence adorable et paisible\u2026 En apparence seulement ! Car les territoriales et farouches brebis, gardiennes z\u00e9l\u00e9es de l\u2019archipel, ne vont cesser de rappeler \u00e0 l\u2019envahissant Komodo que leur \u00eele n\u2019est pas un club de vacances <em>all inclusive<\/em> o\u00f9 tout est permis !<\/p>\n\n\n\n<p><\/p>\n\n\n\n<figure class=\"wp-block-image size-large\"><img decoding=\"async\" loading=\"lazy\" width=\"1024\" height=\"613\" src=\"https:\/\/www.ellipseanimation.com\/wp-content\/uploads\/2023\/08\/komodo_promo_cartoon-1024x613.jpg\" alt=\"\" class=\"wp-image-8222\" srcset=\"https:\/\/www.ellipseanimation.com\/wp-content\/uploads\/2023\/08\/komodo_promo_cartoon-1024x613.jpg 1024w, https:\/\/www.ellipseanimation.com\/wp-content\/uploads\/2023\/08\/komodo_promo_cartoon-300x180.jpg 300w, https:\/\/www.ellipseanimation.com\/wp-content\/uploads\/2023\/08\/komodo_promo_cartoon-768x460.jpg 768w, https:\/\/www.ellipseanimation.com\/wp-content\/uploads\/2023\/08\/komodo_promo_cartoon-1536x920.jpg 1536w, https:\/\/www.ellipseanimation.com\/wp-content\/uploads\/2023\/08\/komodo_promo_cartoon-2048x1226.jpg 2048w\" sizes=\"(max-width: 1024px) 100vw, 1024px\" \/><\/figure>\n\n\n\n<h2><strong>Fiche technique<\/strong><\/h2>\n\n\n\n<p><strong>Productrice<\/strong>&nbsp;: Ga\u00eblle Guiny<\/p>\n\n\n\n<p><strong>R\u00e9alisation&nbsp;<\/strong>: Emmanuel Klotz et Louis Musso<\/p>\n\n\n\n<p><strong>Format : <\/strong>78&#215;7&prime;<\/p>\n\n\n\n<p><strong>Public : <\/strong>6-9 ans<\/p>\n\n\n\n<p><strong>Genre : <\/strong>Com\u00e9die<\/p>\n\n\n\n<p><strong>Technique d&rsquo;animation : <\/strong>2D<\/p>\n\n\n\n<p><strong>Auteurs graphiques&nbsp;: <\/strong>Rapha\u00ebl Chabassol et Thomas Digard<\/p>\n\n\n\n<p><strong>Diffusion&nbsp;:&nbsp;<\/strong>en cours<\/p>\n\n\n\n<p><strong>Distribution internationale&nbsp;: <\/strong>Mediatoon Distribution<\/p>\n\n\n\n<p><\/p>\n","protected":false},"excerpt":{"rendered":"<p>Cartoon Forum 2023du 19 au 22 septembre Ellipse Animation d\u00e9veloppe Komodo No Chill, une s\u00e9rie pour les 6-9 ans r\u00e9alis\u00e9e par Emmanuel Klotz et Louis Musso et produite par Ga\u00eblle Guiny. Cette nouvelle s\u00e9rie slapstick 2D est une cr\u00e9ation originale qui sera pr\u00e9sent\u00e9e au Cartoon Forum le mercredi 20 septembre \u00e0 9h45 en Blue Room [&hellip;]<\/p>\n","protected":false},"author":4,"featured_media":8220,"comment_status":"closed","ping_status":"closed","sticky":false,"template":"","format":"standard","meta":[],"categories":[35],"tags":[67,66,68],"acf":[],"yoast_head":"<!-- This site is optimized with the Yoast SEO plugin v21.1 - https:\/\/yoast.com\/wordpress\/plugins\/seo\/ -->\n<title>Komodo No Chill, notre nouveau projet jeunesse pr\u00e9sent\u00e9 au Cartoon Forum - Ellipse Animation<\/title>\n<meta name=\"robots\" content=\"index, follow, max-snippet:-1, max-image-preview:large, max-video-preview:-1\" \/>\n<link rel=\"canonical\" href=\"https:\/\/www.ellipseanimation.com\/fr\/komodo-no-chill-le-nouveau-projet-jeunesse-dellipse-animation-presente-au-cartoon-forum\/\" \/>\n<meta property=\"og:locale\" content=\"fr_FR\" \/>\n<meta property=\"og:type\" content=\"article\" \/>\n<meta property=\"og:title\" content=\"Komodo No Chill, notre nouveau projet jeunesse pr\u00e9sent\u00e9 au Cartoon Forum - Ellipse Animation\" \/>\n<meta property=\"og:description\" content=\"Cartoon Forum 2023du 19 au 22 septembre Ellipse Animation d\u00e9veloppe Komodo No Chill, une s\u00e9rie pour les 6-9 ans r\u00e9alis\u00e9e par Emmanuel Klotz et Louis Musso et produite par Ga\u00eblle Guiny. Cette nouvelle s\u00e9rie slapstick 2D est une cr\u00e9ation originale qui sera pr\u00e9sent\u00e9e au Cartoon Forum le mercredi 20 septembre \u00e0 9h45 en Blue Room [&hellip;]\" \/>\n<meta property=\"og:url\" content=\"https:\/\/www.ellipseanimation.com\/fr\/komodo-no-chill-le-nouveau-projet-jeunesse-dellipse-animation-presente-au-cartoon-forum\/\" \/>\n<meta property=\"og:site_name\" content=\"Ellipse Animation\" \/>\n<meta property=\"article:published_time\" content=\"2023-08-31T15:54:14+00:00\" \/>\n<meta property=\"article:modified_time\" content=\"2023-08-31T16:09:11+00:00\" \/>\n<meta property=\"og:image\" content=\"https:\/\/www.ellipseanimation.com\/wp-content\/uploads\/2023\/08\/komodo_poster_textless_16_9_alt-1024x576.png\" \/>\n\t<meta property=\"og:image:width\" content=\"1024\" \/>\n\t<meta property=\"og:image:height\" content=\"576\" \/>\n\t<meta property=\"og:image:type\" content=\"image\/png\" \/>\n<meta name=\"author\" content=\"h.salle\" \/>\n<meta name=\"twitter:card\" content=\"summary_large_image\" \/>\n<meta name=\"twitter:label1\" content=\"\u00c9crit par\" \/>\n\t<meta name=\"twitter:data1\" content=\"h.salle\" \/>\n\t<meta name=\"twitter:label2\" content=\"Dur\u00e9e de lecture estim\u00e9e\" \/>\n\t<meta name=\"twitter:data2\" content=\"3 minutes\" \/>\n<script type=\"application\/ld+json\" class=\"yoast-schema-graph\">{\"@context\":\"https:\/\/schema.org\",\"@graph\":[{\"@type\":\"Article\",\"@id\":\"https:\/\/www.ellipseanimation.com\/fr\/komodo-no-chill-le-nouveau-projet-jeunesse-dellipse-animation-presente-au-cartoon-forum\/#article\",\"isPartOf\":{\"@id\":\"https:\/\/www.ellipseanimation.com\/fr\/komodo-no-chill-le-nouveau-projet-jeunesse-dellipse-animation-presente-au-cartoon-forum\/\"},\"author\":{\"name\":\"h.salle\",\"@id\":\"https:\/\/www.ellipseanimation.com\/fr\/#\/schema\/person\/841cf53d90b78d75747192c6d5c6d0eb\"},\"headline\":\"Komodo No Chill, notre nouveau projet jeunesse pr\u00e9sent\u00e9 au Cartoon Forum\",\"datePublished\":\"2023-08-31T15:54:14+00:00\",\"dateModified\":\"2023-08-31T16:09:11+00:00\",\"mainEntityOfPage\":{\"@id\":\"https:\/\/www.ellipseanimation.com\/fr\/komodo-no-chill-le-nouveau-projet-jeunesse-dellipse-animation-presente-au-cartoon-forum\/\"},\"wordCount\":506,\"publisher\":{\"@id\":\"https:\/\/www.ellipseanimation.com\/fr\/#organization\"},\"keywords\":[\"Cartoon Forum\",\"Komodo No Chill\",\"Slapstick\"],\"articleSection\":[\"Programmes\"],\"inLanguage\":\"fr-FR\"},{\"@type\":\"WebPage\",\"@id\":\"https:\/\/www.ellipseanimation.com\/fr\/komodo-no-chill-le-nouveau-projet-jeunesse-dellipse-animation-presente-au-cartoon-forum\/\",\"url\":\"https:\/\/www.ellipseanimation.com\/fr\/komodo-no-chill-le-nouveau-projet-jeunesse-dellipse-animation-presente-au-cartoon-forum\/\",\"name\":\"Komodo No Chill, notre nouveau projet jeunesse pr\u00e9sent\u00e9 au Cartoon Forum - Ellipse Animation\",\"isPartOf\":{\"@id\":\"https:\/\/www.ellipseanimation.com\/fr\/#website\"},\"datePublished\":\"2023-08-31T15:54:14+00:00\",\"dateModified\":\"2023-08-31T16:09:11+00:00\",\"breadcrumb\":{\"@id\":\"https:\/\/www.ellipseanimation.com\/fr\/komodo-no-chill-le-nouveau-projet-jeunesse-dellipse-animation-presente-au-cartoon-forum\/#breadcrumb\"},\"inLanguage\":\"fr-FR\",\"potentialAction\":[{\"@type\":\"ReadAction\",\"target\":[\"https:\/\/www.ellipseanimation.com\/fr\/komodo-no-chill-le-nouveau-projet-jeunesse-dellipse-animation-presente-au-cartoon-forum\/\"]}]},{\"@type\":\"BreadcrumbList\",\"@id\":\"https:\/\/www.ellipseanimation.com\/fr\/komodo-no-chill-le-nouveau-projet-jeunesse-dellipse-animation-presente-au-cartoon-forum\/#breadcrumb\",\"itemListElement\":[{\"@type\":\"ListItem\",\"position\":1,\"name\":\"Accueil\",\"item\":\"https:\/\/www.ellipseanimation.com\/fr\/\"},{\"@type\":\"ListItem\",\"position\":2,\"name\":\"Komodo No Chill, notre nouveau projet jeunesse pr\u00e9sent\u00e9 au Cartoon Forum\"}]},{\"@type\":\"WebSite\",\"@id\":\"https:\/\/www.ellipseanimation.com\/fr\/#website\",\"url\":\"https:\/\/www.ellipseanimation.com\/fr\/\",\"name\":\"Ellipse Animation\",\"description\":\"We Are a European Leader in Animation\",\"publisher\":{\"@id\":\"https:\/\/www.ellipseanimation.com\/fr\/#organization\"},\"potentialAction\":[{\"@type\":\"SearchAction\",\"target\":{\"@type\":\"EntryPoint\",\"urlTemplate\":\"https:\/\/www.ellipseanimation.com\/fr\/?s={search_term_string}\"},\"query-input\":\"required name=search_term_string\"}],\"inLanguage\":\"fr-FR\"},{\"@type\":\"Organization\",\"@id\":\"https:\/\/www.ellipseanimation.com\/fr\/#organization\",\"name\":\"Ellipse Animation\",\"url\":\"https:\/\/www.ellipseanimation.com\/fr\/\",\"logo\":{\"@type\":\"ImageObject\",\"inLanguage\":\"fr-FR\",\"@id\":\"https:\/\/www.ellipseanimation.com\/fr\/#\/schema\/logo\/image\/\",\"url\":\"https:\/\/www.ellipseanimation.com\/wp-content\/uploads\/2022\/06\/logo_dark.svg\",\"contentUrl\":\"https:\/\/www.ellipseanimation.com\/wp-content\/uploads\/2022\/06\/logo_dark.svg\",\"width\":1,\"height\":1,\"caption\":\"Ellipse Animation\"},\"image\":{\"@id\":\"https:\/\/www.ellipseanimation.com\/fr\/#\/schema\/logo\/image\/\"}},{\"@type\":\"Person\",\"@id\":\"https:\/\/www.ellipseanimation.com\/fr\/#\/schema\/person\/841cf53d90b78d75747192c6d5c6d0eb\",\"name\":\"h.salle\",\"image\":{\"@type\":\"ImageObject\",\"inLanguage\":\"fr-FR\",\"@id\":\"https:\/\/www.ellipseanimation.com\/fr\/#\/schema\/person\/image\/\",\"url\":\"https:\/\/secure.gravatar.com\/avatar\/2de3559eb4f687df3a4fc10346c83575?s=96&d=mm&r=g\",\"contentUrl\":\"https:\/\/secure.gravatar.com\/avatar\/2de3559eb4f687df3a4fc10346c83575?s=96&d=mm&r=g\",\"caption\":\"h.salle\"}}]}<\/script>\n<!-- \/ Yoast SEO plugin. -->","yoast_head_json":{"title":"Komodo No Chill, notre nouveau projet jeunesse pr\u00e9sent\u00e9 au Cartoon Forum - Ellipse Animation","robots":{"index":"index","follow":"follow","max-snippet":"max-snippet:-1","max-image-preview":"max-image-preview:large","max-video-preview":"max-video-preview:-1"},"canonical":"https:\/\/www.ellipseanimation.com\/fr\/komodo-no-chill-le-nouveau-projet-jeunesse-dellipse-animation-presente-au-cartoon-forum\/","og_locale":"fr_FR","og_type":"article","og_title":"Komodo No Chill, notre nouveau projet jeunesse pr\u00e9sent\u00e9 au Cartoon Forum - Ellipse Animation","og_description":"Cartoon Forum 2023du 19 au 22 septembre Ellipse Animation d\u00e9veloppe Komodo No Chill, une s\u00e9rie pour les 6-9 ans r\u00e9alis\u00e9e par Emmanuel Klotz et Louis Musso et produite par Ga\u00eblle Guiny. Cette nouvelle s\u00e9rie slapstick 2D est une cr\u00e9ation originale qui sera pr\u00e9sent\u00e9e au Cartoon Forum le mercredi 20 septembre \u00e0 9h45 en Blue Room [&hellip;]","og_url":"https:\/\/www.ellipseanimation.com\/fr\/komodo-no-chill-le-nouveau-projet-jeunesse-dellipse-animation-presente-au-cartoon-forum\/","og_site_name":"Ellipse Animation","article_published_time":"2023-08-31T15:54:14+00:00","article_modified_time":"2023-08-31T16:09:11+00:00","og_image":[{"width":1024,"height":576,"url":"https:\/\/www.ellipseanimation.com\/wp-content\/uploads\/2023\/08\/komodo_poster_textless_16_9_alt-1024x576.png","type":"image\/png"}],"author":"h.salle","twitter_card":"summary_large_image","twitter_misc":{"\u00c9crit par":"h.salle","Dur\u00e9e de lecture estim\u00e9e":"3 minutes"},"schema":{"@context":"https:\/\/schema.org","@graph":[{"@type":"Article","@id":"https:\/\/www.ellipseanimation.com\/fr\/komodo-no-chill-le-nouveau-projet-jeunesse-dellipse-animation-presente-au-cartoon-forum\/#article","isPartOf":{"@id":"https:\/\/www.ellipseanimation.com\/fr\/komodo-no-chill-le-nouveau-projet-jeunesse-dellipse-animation-presente-au-cartoon-forum\/"},"author":{"name":"h.salle","@id":"https:\/\/www.ellipseanimation.com\/fr\/#\/schema\/person\/841cf53d90b78d75747192c6d5c6d0eb"},"headline":"Komodo No Chill, notre nouveau projet jeunesse pr\u00e9sent\u00e9 au Cartoon Forum","datePublished":"2023-08-31T15:54:14+00:00","dateModified":"2023-08-31T16:09:11+00:00","mainEntityOfPage":{"@id":"https:\/\/www.ellipseanimation.com\/fr\/komodo-no-chill-le-nouveau-projet-jeunesse-dellipse-animation-presente-au-cartoon-forum\/"},"wordCount":506,"publisher":{"@id":"https:\/\/www.ellipseanimation.com\/fr\/#organization"},"keywords":["Cartoon Forum","Komodo No Chill","Slapstick"],"articleSection":["Programmes"],"inLanguage":"fr-FR"},{"@type":"WebPage","@id":"https:\/\/www.ellipseanimation.com\/fr\/komodo-no-chill-le-nouveau-projet-jeunesse-dellipse-animation-presente-au-cartoon-forum\/","url":"https:\/\/www.ellipseanimation.com\/fr\/komodo-no-chill-le-nouveau-projet-jeunesse-dellipse-animation-presente-au-cartoon-forum\/","name":"Komodo No Chill, notre nouveau projet jeunesse pr\u00e9sent\u00e9 au Cartoon Forum - Ellipse Animation","isPartOf":{"@id":"https:\/\/www.ellipseanimation.com\/fr\/#website"},"datePublished":"2023-08-31T15:54:14+00:00","dateModified":"2023-08-31T16:09:11+00:00","breadcrumb":{"@id":"https:\/\/www.ellipseanimation.com\/fr\/komodo-no-chill-le-nouveau-projet-jeunesse-dellipse-animation-presente-au-cartoon-forum\/#breadcrumb"},"inLanguage":"fr-FR","potentialAction":[{"@type":"ReadAction","target":["https:\/\/www.ellipseanimation.com\/fr\/komodo-no-chill-le-nouveau-projet-jeunesse-dellipse-animation-presente-au-cartoon-forum\/"]}]},{"@type":"BreadcrumbList","@id":"https:\/\/www.ellipseanimation.com\/fr\/komodo-no-chill-le-nouveau-projet-jeunesse-dellipse-animation-presente-au-cartoon-forum\/#breadcrumb","itemListElement":[{"@type":"ListItem","position":1,"name":"Accueil","item":"https:\/\/www.ellipseanimation.com\/fr\/"},{"@type":"ListItem","position":2,"name":"Komodo No Chill, notre nouveau projet jeunesse pr\u00e9sent\u00e9 au Cartoon Forum"}]},{"@type":"WebSite","@id":"https:\/\/www.ellipseanimation.com\/fr\/#website","url":"https:\/\/www.ellipseanimation.com\/fr\/","name":"Ellipse Animation","description":"We Are a European Leader in Animation","publisher":{"@id":"https:\/\/www.ellipseanimation.com\/fr\/#organization"},"potentialAction":[{"@type":"SearchAction","target":{"@type":"EntryPoint","urlTemplate":"https:\/\/www.ellipseanimation.com\/fr\/?s={search_term_string}"},"query-input":"required name=search_term_string"}],"inLanguage":"fr-FR"},{"@type":"Organization","@id":"https:\/\/www.ellipseanimation.com\/fr\/#organization","name":"Ellipse Animation","url":"https:\/\/www.ellipseanimation.com\/fr\/","logo":{"@type":"ImageObject","inLanguage":"fr-FR","@id":"https:\/\/www.ellipseanimation.com\/fr\/#\/schema\/logo\/image\/","url":"https:\/\/www.ellipseanimation.com\/wp-content\/uploads\/2022\/06\/logo_dark.svg","contentUrl":"https:\/\/www.ellipseanimation.com\/wp-content\/uploads\/2022\/06\/logo_dark.svg","width":1,"height":1,"caption":"Ellipse Animation"},"image":{"@id":"https:\/\/www.ellipseanimation.com\/fr\/#\/schema\/logo\/image\/"}},{"@type":"Person","@id":"https:\/\/www.ellipseanimation.com\/fr\/#\/schema\/person\/841cf53d90b78d75747192c6d5c6d0eb","name":"h.salle","image":{"@type":"ImageObject","inLanguage":"fr-FR","@id":"https:\/\/www.ellipseanimation.com\/fr\/#\/schema\/person\/image\/","url":"https:\/\/secure.gravatar.com\/avatar\/2de3559eb4f687df3a4fc10346c83575?s=96&d=mm&r=g","contentUrl":"https:\/\/secure.gravatar.com\/avatar\/2de3559eb4f687df3a4fc10346c83575?s=96&d=mm&r=g","caption":"h.salle"}}]}},"_links":{"self":[{"href":"https:\/\/www.ellipseanimation.com\/fr\/wp-json\/wp\/v2\/posts\/8218"}],"collection":[{"href":"https:\/\/www.ellipseanimation.com\/fr\/wp-json\/wp\/v2\/posts"}],"about":[{"href":"https:\/\/www.ellipseanimation.com\/fr\/wp-json\/wp\/v2\/types\/post"}],"author":[{"embeddable":true,"href":"https:\/\/www.ellipseanimation.com\/fr\/wp-json\/wp\/v2\/users\/4"}],"replies":[{"embeddable":true,"href":"https:\/\/www.ellipseanimation.com\/fr\/wp-json\/wp\/v2\/comments?post=8218"}],"version-history":[{"count":3,"href":"https:\/\/www.ellipseanimation.com\/fr\/wp-json\/wp\/v2\/posts\/8218\/revisions"}],"predecessor-version":[{"id":8231,"href":"https:\/\/www.ellipseanimation.com\/fr\/wp-json\/wp\/v2\/posts\/8218\/revisions\/8231"}],"wp:featuredmedia":[{"embeddable":true,"href":"https:\/\/www.ellipseanimation.com\/fr\/wp-json\/wp\/v2\/media\/8220"}],"wp:attachment":[{"href":"https:\/\/www.ellipseanimation.com\/fr\/wp-json\/wp\/v2\/media?parent=8218"}],"wp:term":[{"taxonomy":"category","embeddable":true,"href":"https:\/\/www.ellipseanimation.com\/fr\/wp-json\/wp\/v2\/categories?post=8218"},{"taxonomy":"post_tag","embeddable":true,"href":"https:\/\/www.ellipseanimation.com\/fr\/wp-json\/wp\/v2\/tags?post=8218"}],"curies":[{"name":"wp","href":"https:\/\/api.w.org\/{rel}","templated":true}]}}